{"id":138229,"date":"2026-08-31T11:33:50","date_gmt":"2026-08-31T09:33:50","guid":{"rendered":"https:\/\/www.donatopaolino.it\/?p=138229"},"modified":"2026-08-31T11:35:25","modified_gmt":"2026-08-31T09:35:25","slug":"why-is-september-called-september","status":"publish","type":"post","link":"https:\/\/www.donatopaolino.it\/en\/why-is-september-called-september\/","title":{"rendered":"Why Is September Called September? The Story Behind Its Name"},"content":{"rendered":"\n<p class=\"wp-block-paragraph\">Have you ever wondered <strong>why September is called September<\/strong>? If its name clearly seems connected to the number seven, why is September the ninth <strong>month of the year<\/strong>? And was it really once the seventh month?<\/p>\n\n\n\n<p class=\"wp-block-paragraph\">To understand <strong>why it is called September<\/strong>, we need to travel back to ancient Rome. The name we still use today preserves a fascinating trace of a calendar that was very different from ours. So, let\u2019s discover <strong>why the month of September is called September<\/strong> and what changed over the centuries.<\/p>\n\n\n<h2 class=\"simpletoc-title\">Table of Contents<\/h2>\n<ul class=\"simpletoc-list\">\n<li><a href=\"#why-is-september-called-september\">Why is September called September?<\/a>\n<\/li>\n<li><a href=\"#what-changed-with-january-and-february\">What changed with January and February?<\/a>\n<\/li>\n<li><a href=\"#julius-caesar-and-the-calendar-reform\">Julius Caesar and the calendar reform<\/a>\n<\/li>\n<li><a href=\"#from-the-roman-calendar-to-the-gregorian-calendar\">From the Roman calendar to the Gregorian calendar<\/a>\n<\/li>\n<li><a href=\"#september-still-tells-an-ancient-story\">September still tells an ancient story<\/a>\n<\/li><\/ul>\n\n\n<h2 id=\"why-is-september-called-september\" class=\"wp-block-heading\"><strong>Why is September called September?<\/strong><\/h2>\n\n\n\n<p class=\"wp-block-paragraph\">September comes from the Latin <em>September<\/em>, which is connected to <em>septem<\/em>, meaning \u201cseven\u201d. The explanation is surprisingly simple: in the ancient Roman calendar, September really was the <strong>seventh month of the calendar<\/strong>.<\/p>\n\n\n\n<p class=\"wp-block-paragraph\">According to Roman tradition, the earliest calendar attributed to Romulus contained ten months and had the year <strong>beginning in March<\/strong>. March was therefore the first month, followed by April, May and June.<\/p>\n\n\n\n<p class=\"wp-block-paragraph\">Then came Quintilis, the fifth month; Sextilis, the sixth; September, the seventh; October, the eighth; November, the ninth; and December, the tenth.<\/p>\n\n\n\n<p class=\"wp-block-paragraph\">This explains <strong>why they are called that<\/strong>. October comes from <em>octo<\/em>, meaning eight; November from <em>novem<\/em>, nine; and December from <em>decem<\/em>, ten. Their names preserve a linguistic memory of their original positions in the <strong>Roman calendar<\/strong>.<\/p>\n\n\n\n<h2 id=\"what-changed-with-january-and-february\" class=\"wp-block-heading\"><strong>What changed with January and February?<\/strong><\/h2>\n\n\n\n<p class=\"wp-block-paragraph\">So how did September move from seventh to ninth place?<\/p>\n\n\n\n<p class=\"wp-block-paragraph\">The earliest history of the Roman calendar cannot be reconstructed in every detail, and much of what we know comes from later Roman tradition. <strong>Numa Pompilius<\/strong>, the second king of Rome, is traditionally associated with important changes to the calendar, including the organisation of <strong>January and February<\/strong>.<\/p>\n\n\n\n<p class=\"wp-block-paragraph\">Over time, January became the beginning of the civil year. March consequently moved from first to third place, and September shifted from seventh to ninth.<\/p>\n\n\n\n<p class=\"wp-block-paragraph\">Its name, however, remained unchanged.<\/p>\n\n\n\n<p class=\"wp-block-paragraph\">This is the key to understanding <strong>why the month of September is called September<\/strong>: its position changed, but its traditional name survived.<\/p>\n\n\n\n<h2 id=\"julius-caesar-and-the-calendar-reform\" class=\"wp-block-heading\"><strong>Julius Caesar and the calendar reform<\/strong><\/h2>\n\n\n\n<p class=\"wp-block-paragraph\">Another major change came with <strong>Julius Caesar<\/strong>. In 46 BC, he introduced an important calendar reform that took effect the following year. This created the Julian calendar, designed to correspond more accurately with the solar year.<\/p>\n\n\n\n<p class=\"wp-block-paragraph\">Even this reform did not change September\u2019s name.<\/p>\n\n\n\n<p class=\"wp-block-paragraph\">Other months had a different fate. Quintilis was later renamed <em>Iulius<\/em> in honour of <strong>Julius Caesar<\/strong>, giving us July. Sextilis became <em>Augustus<\/em> in honour of Emperor Augustus, giving us August.<\/p>\n\n\n\n<p class=\"wp-block-paragraph\">In these cases, a month <strong>takes its name<\/strong> from a historical figure, while September, October, November and December retained their ancient numerical names.<\/p>\n\n\n\n<h2 id=\"from-the-roman-calendar-to-the-gregorian-calendar\" class=\"wp-block-heading\"><strong>From the Roman calendar to the Gregorian calendar<\/strong><\/h2>\n\n\n\n<p class=\"wp-block-paragraph\">In 1582, Pope Gregory XIII introduced another reform to correct the discrepancy that had gradually developed between the Julian calendar and the solar year. This created the <strong>Gregorian calendar<\/strong>, which forms the basis of the civil calendar now used across much of the world.<\/p>\n\n\n\n<p class=\"wp-block-paragraph\">September remained the ninth <strong>month of the year<\/strong>, but its ancient name survived.<\/p>\n\n\n\n<p class=\"wp-block-paragraph\">This is not as unusual as it might appear. Words can outlive the circumstances that originally created them. Once the name September had become established in everyday language, there was little reason to replace it.<\/p>\n\n\n\n<h2 id=\"september-still-tells-an-ancient-story\" class=\"wp-block-heading\"><strong>September still tells an ancient story<\/strong><\/h2>\n\n\n\n<p class=\"wp-block-paragraph\">We can now answer the question <strong>why is September called September?<\/strong> The name comes from the Latin <em>septem<\/em>, meaning \u201cseven\u201d, because September occupied seventh place when the Roman year was considered to <strong>begin in March<\/strong>.<\/p>\n\n\n\n<p class=\"wp-block-paragraph\">As the calendar evolved and <strong>January and February<\/strong> came before March, September became the ninth month without changing its name. Neither the reforms associated with <strong>Julius Caesar<\/strong> nor the later introduction of the <strong>Gregorian calendar<\/strong> erased this ancient linguistic legacy.<\/p>\n\n\n\n<p class=\"wp-block-paragraph\">So, the next time you see September on your calendar, remember that its name carries a small piece of history more than two thousand years old.<\/p>\n\n\n\n<p class=\"wp-block-paragraph\"><strong>What do you think? Had you ever wondered why September seems to refer to the number seven?<\/strong> Tell us in the comments.<\/p>\n\n\n\n<p class=\"wp-block-paragraph\"><strong>Practical tip:<\/strong> start counting the months from March and continue through December. You will immediately understand why September, October, November and December have the names they do. <\/p>\n","protected":false},"excerpt":{"rendered":"<p>Have you ever wondered why September is called September? If its name clearly seems connected to the number seven, why [&hellip;]<\/p>\n","protected":false},"author":1,"featured_media":138230,"comment_status":"open","ping_status":"closed","sticky":false,"template":"","format":"standard","meta":{"rs_blank_template":"","rs_page_bg_color":"","slide_template_v7":"","footnotes":""},"categories":[365],"tags":[],"class_list":["post-138229","post","type-post","status-publish","format-standard","has-post-thumbnail","hentry","category-culture"],"yoast_head":"<!-- This site is optimized with the Yoast SEO plugin v28.3 - https:\/\/yoast.com\/product\/yoast-seo-wordpress\/ -->\n<title>Why Is September Called September? The Story Behind Its Name - Donato Paolino Blog<\/title>\n<meta name=\"description\" content=\"Why is September called September if it is the ninth month? Discover its Roman origin and why its name comes from the number seven.\" \/>\n<meta name=\"robots\" content=\"index, follow, max-snippet:-1, max-image-preview:large, max-video-preview:-1\" \/>\n<link rel=\"canonical\" href=\"https:\/\/www.donatopaolino.it\/en\/why-is-september-called-september\/\" \/>\n<meta property=\"og:locale\" content=\"en_US\" \/>\n<meta property=\"og:type\" content=\"article\" \/>\n<meta property=\"og:title\" content=\"Why Is September Called September? The Story Behind Its Name - Donato Paolino Blog\" \/>\n<meta property=\"og:description\" content=\"Why is September called September if it is the ninth month? Discover its Roman origin and why its name comes from the number seven.\" \/>\n<meta property=\"og:url\" content=\"https:\/\/www.donatopaolino.it\/en\/why-is-september-called-september\/\" \/>\n<meta property=\"og:site_name\" content=\"Donato Paolino Blog\" \/>\n<meta property=\"article:publisher\" content=\"https:\/\/www.facebook.com\/seodopstart\" \/>\n<meta property=\"article:author\" content=\"https:\/\/www.facebook.com\/seodopstart\" \/>\n<meta property=\"article:published_time\" content=\"2026-08-31T09:33:50+00:00\" \/>\n<meta property=\"article:modified_time\" content=\"2026-08-31T09:35:25+00:00\" \/>\n<meta property=\"og:image\" content=\"https:\/\/www.donatopaolino.it\/wp-content\/uploads\/2026\/08\/why-is-september-called-september.webp\" \/>\n\t<meta property=\"og:image:width\" content=\"1672\" \/>\n\t<meta property=\"og:image:height\" content=\"941\" \/>\n\t<meta property=\"og:image:type\" content=\"image\/webp\" \/>\n<meta name=\"author\" content=\"Donato Paolino\" \/>\n<meta name=\"twitter:card\" content=\"summary_large_image\" \/>\n<meta name=\"twitter:creator\" content=\"@dopstart\" \/>\n<meta name=\"twitter:site\" content=\"@dopstart\" \/>\n<meta name=\"twitter:label1\" content=\"Written by\" \/>\n\t<meta name=\"twitter:data1\" content=\"Donato Paolino\" \/>\n\t<meta name=\"twitter:label2\" content=\"Est. reading time\" \/>\n\t<meta name=\"twitter:data2\" content=\"4 minutes\" \/>\n<script type=\"application\/ld+json\" class=\"yoast-schema-graph\">{\"@context\":\"https:\\\/\\\/schema.org\",\"@graph\":[{\"@type\":\"Article\",\"@id\":\"https:\\\/\\\/www.donatopaolino.it\\\/en\\\/why-is-september-called-september\\\/#article\",\"isPartOf\":{\"@id\":\"https:\\\/\\\/www.donatopaolino.it\\\/en\\\/why-is-september-called-september\\\/\"},\"author\":{\"name\":\"Donato Paolino\",\"@id\":\"https:\\\/\\\/www.donatopaolino.it\\\/en\\\/#\\\/schema\\\/person\\\/56bb73005997bf020fb51a66de0f20f8\"},\"headline\":\"Why Is September Called September? The Story Behind Its Name\",\"datePublished\":\"2026-08-31T09:33:50+00:00\",\"dateModified\":\"2026-08-31T09:35:25+00:00\",\"mainEntityOfPage\":{\"@id\":\"https:\\\/\\\/www.donatopaolino.it\\\/en\\\/why-is-september-called-september\\\/\"},\"wordCount\":698,\"commentCount\":0,\"publisher\":{\"@id\":\"https:\\\/\\\/www.donatopaolino.it\\\/en\\\/#\\\/schema\\\/person\\\/56bb73005997bf020fb51a66de0f20f8\"},\"image\":{\"@id\":\"https:\\\/\\\/www.donatopaolino.it\\\/en\\\/why-is-september-called-september\\\/#primaryimage\"},\"thumbnailUrl\":\"https:\\\/\\\/www.donatopaolino.it\\\/wp-content\\\/uploads\\\/2026\\\/08\\\/why-is-september-called-september.webp\",\"articleSection\":[\"Culture\"],\"inLanguage\":\"en-US\",\"potentialAction\":[{\"@type\":\"CommentAction\",\"name\":\"Comment\",\"target\":[\"https:\\\/\\\/www.donatopaolino.it\\\/en\\\/why-is-september-called-september\\\/#respond\"]}]},{\"@type\":\"WebPage\",\"@id\":\"https:\\\/\\\/www.donatopaolino.it\\\/en\\\/why-is-september-called-september\\\/\",\"url\":\"https:\\\/\\\/www.donatopaolino.it\\\/en\\\/why-is-september-called-september\\\/\",\"name\":\"Why Is September Called September? The Story Behind Its Name - Donato Paolino Blog\",\"isPartOf\":{\"@id\":\"https:\\\/\\\/www.donatopaolino.it\\\/en\\\/#website\"},\"primaryImageOfPage\":{\"@id\":\"https:\\\/\\\/www.donatopaolino.it\\\/en\\\/why-is-september-called-september\\\/#primaryimage\"},\"image\":{\"@id\":\"https:\\\/\\\/www.donatopaolino.it\\\/en\\\/why-is-september-called-september\\\/#primaryimage\"},\"thumbnailUrl\":\"https:\\\/\\\/www.donatopaolino.it\\\/wp-content\\\/uploads\\\/2026\\\/08\\\/why-is-september-called-september.webp\",\"datePublished\":\"2026-08-31T09:33:50+00:00\",\"dateModified\":\"2026-08-31T09:35:25+00:00\",\"description\":\"Why is September called September if it is the ninth month? Discover its Roman origin and why its name comes from the number seven.\",\"breadcrumb\":{\"@id\":\"https:\\\/\\\/www.donatopaolino.it\\\/en\\\/why-is-september-called-september\\\/#breadcrumb\"},\"inLanguage\":\"en-US\",\"potentialAction\":[{\"@type\":\"ReadAction\",\"target\":[\"https:\\\/\\\/www.donatopaolino.it\\\/en\\\/why-is-september-called-september\\\/\"]}]},{\"@type\":\"ImageObject\",\"inLanguage\":\"en-US\",\"@id\":\"https:\\\/\\\/www.donatopaolino.it\\\/en\\\/why-is-september-called-september\\\/#primaryimage\",\"url\":\"https:\\\/\\\/www.donatopaolino.it\\\/wp-content\\\/uploads\\\/2026\\\/08\\\/why-is-september-called-september.webp\",\"contentUrl\":\"https:\\\/\\\/www.donatopaolino.it\\\/wp-content\\\/uploads\\\/2026\\\/08\\\/why-is-september-called-september.webp\",\"width\":1672,\"height\":941,\"caption\":\"Why September is called September in the Roman calendar\"},{\"@type\":\"BreadcrumbList\",\"@id\":\"https:\\\/\\\/www.donatopaolino.it\\\/en\\\/why-is-september-called-september\\\/#breadcrumb\",\"itemListElement\":[{\"@type\":\"ListItem\",\"position\":1,\"name\":\"Home\",\"item\":\"https:\\\/\\\/www.donatopaolino.it\\\/en\\\/\"},{\"@type\":\"ListItem\",\"position\":2,\"name\":\"Why Is September Called September? The Story Behind Its Name\"}]},{\"@type\":\"WebSite\",\"@id\":\"https:\\\/\\\/www.donatopaolino.it\\\/en\\\/#website\",\"url\":\"https:\\\/\\\/www.donatopaolino.it\\\/en\\\/\",\"name\":\"Donato Paolino Blog\",\"description\":\"Sopravvivere nell&#039;era digitale\",\"publisher\":{\"@id\":\"https:\\\/\\\/www.donatopaolino.it\\\/en\\\/#\\\/schema\\\/person\\\/56bb73005997bf020fb51a66de0f20f8\"},\"potentialAction\":[{\"@type\":\"SearchAction\",\"target\":{\"@type\":\"EntryPoint\",\"urlTemplate\":\"https:\\\/\\\/www.donatopaolino.it\\\/en\\\/?s={search_term_string}\"},\"query-input\":{\"@type\":\"PropertyValueSpecification\",\"valueRequired\":true,\"valueName\":\"search_term_string\"}}],\"inLanguage\":\"en-US\"},{\"@type\":[\"Person\",\"Organization\"],\"@id\":\"https:\\\/\\\/www.donatopaolino.it\\\/en\\\/#\\\/schema\\\/person\\\/56bb73005997bf020fb51a66de0f20f8\",\"name\":\"Donato Paolino\",\"image\":{\"@type\":\"ImageObject\",\"inLanguage\":\"en-US\",\"@id\":\"https:\\\/\\\/www.donatopaolino.it\\\/wp-content\\\/uploads\\\/2026\\\/02\\\/cropped-DonatoPaolinoITLogo.png\",\"url\":\"https:\\\/\\\/www.donatopaolino.it\\\/wp-content\\\/uploads\\\/2026\\\/02\\\/cropped-DonatoPaolinoITLogo.png\",\"contentUrl\":\"https:\\\/\\\/www.donatopaolino.it\\\/wp-content\\\/uploads\\\/2026\\\/02\\\/cropped-DonatoPaolinoITLogo.png\",\"width\":80,\"height\":59,\"caption\":\"Donato Paolino\"},\"logo\":{\"@id\":\"https:\\\/\\\/www.donatopaolino.it\\\/wp-content\\\/uploads\\\/2026\\\/02\\\/cropped-DonatoPaolinoITLogo.png\"},\"description\":\"Ciao! Sono Donato Paolino. Nel lavoro mi occupo di consulenza strategica digitale e aiuto le aziende a trasformare il marketing online in un sistema di crescita misurabile. Qui per\u00f2 non parlo di lavoro. Questo \u00e8 il mio spazio personale: un luogo dove condivido passioni, idee e curiosit\u00e0 \u2014 cucina, tecnologia, musica, spiritualit\u00e0 e tutto ci\u00f2 che non finisce dentro un report di marketing. Se vuoi sapere cosa faccio professionalmente e come nasce una vera consulenza strategica digitale, puoi scoprirlo su Dopstart.\",\"sameAs\":[\"https:\\\/\\\/www.donatopaolino.it\",\"https:\\\/\\\/www.facebook.com\\\/seodopstart\",\"https:\\\/\\\/x.com\\\/dopstart\"],\"url\":\"https:\\\/\\\/www.donatopaolino.it\\\/en\\\/author\\\/dopstart\\\/\"}]}<\/script>\n<!-- \/ Yoast SEO plugin. -->","yoast_head_json":{"title":"Why Is September Called September? The Story Behind Its Name - Donato Paolino Blog","description":"Why is September called September if it is the ninth month? Discover its Roman origin and why its name comes from the number seven.","robots":{"index":"index","follow":"follow","max-snippet":"max-snippet:-1","max-image-preview":"max-image-preview:large","max-video-preview":"max-video-preview:-1"},"canonical":"https:\/\/www.donatopaolino.it\/en\/why-is-september-called-september\/","og_locale":"en_US","og_type":"article","og_title":"Why Is September Called September? The Story Behind Its Name - Donato Paolino Blog","og_description":"Why is September called September if it is the ninth month? Discover its Roman origin and why its name comes from the number seven.","og_url":"https:\/\/www.donatopaolino.it\/en\/why-is-september-called-september\/","og_site_name":"Donato Paolino Blog","article_publisher":"https:\/\/www.facebook.com\/seodopstart","article_author":"https:\/\/www.facebook.com\/seodopstart","article_published_time":"2026-08-31T09:33:50+00:00","article_modified_time":"2026-08-31T09:35:25+00:00","og_image":[{"width":1672,"height":941,"url":"https:\/\/www.donatopaolino.it\/wp-content\/uploads\/2026\/08\/why-is-september-called-september.webp","type":"image\/webp"}],"author":"Donato Paolino","twitter_card":"summary_large_image","twitter_creator":"@dopstart","twitter_site":"@dopstart","twitter_misc":{"Written by":"Donato Paolino","Est. reading time":"4 minutes"},"schema":{"@context":"https:\/\/schema.org","@graph":[{"@type":"Article","@id":"https:\/\/www.donatopaolino.it\/en\/why-is-september-called-september\/#article","isPartOf":{"@id":"https:\/\/www.donatopaolino.it\/en\/why-is-september-called-september\/"},"author":{"name":"Donato Paolino","@id":"https:\/\/www.donatopaolino.it\/en\/#\/schema\/person\/56bb73005997bf020fb51a66de0f20f8"},"headline":"Why Is September Called September? The Story Behind Its Name","datePublished":"2026-08-31T09:33:50+00:00","dateModified":"2026-08-31T09:35:25+00:00","mainEntityOfPage":{"@id":"https:\/\/www.donatopaolino.it\/en\/why-is-september-called-september\/"},"wordCount":698,"commentCount":0,"publisher":{"@id":"https:\/\/www.donatopaolino.it\/en\/#\/schema\/person\/56bb73005997bf020fb51a66de0f20f8"},"image":{"@id":"https:\/\/www.donatopaolino.it\/en\/why-is-september-called-september\/#primaryimage"},"thumbnailUrl":"https:\/\/www.donatopaolino.it\/wp-content\/uploads\/2026\/08\/why-is-september-called-september.webp","articleSection":["Culture"],"inLanguage":"en-US","potentialAction":[{"@type":"CommentAction","name":"Comment","target":["https:\/\/www.donatopaolino.it\/en\/why-is-september-called-september\/#respond"]}]},{"@type":"WebPage","@id":"https:\/\/www.donatopaolino.it\/en\/why-is-september-called-september\/","url":"https:\/\/www.donatopaolino.it\/en\/why-is-september-called-september\/","name":"Why Is September Called September? The Story Behind Its Name - Donato Paolino Blog","isPartOf":{"@id":"https:\/\/www.donatopaolino.it\/en\/#website"},"primaryImageOfPage":{"@id":"https:\/\/www.donatopaolino.it\/en\/why-is-september-called-september\/#primaryimage"},"image":{"@id":"https:\/\/www.donatopaolino.it\/en\/why-is-september-called-september\/#primaryimage"},"thumbnailUrl":"https:\/\/www.donatopaolino.it\/wp-content\/uploads\/2026\/08\/why-is-september-called-september.webp","datePublished":"2026-08-31T09:33:50+00:00","dateModified":"2026-08-31T09:35:25+00:00","description":"Why is September called September if it is the ninth month? Discover its Roman origin and why its name comes from the number seven.","breadcrumb":{"@id":"https:\/\/www.donatopaolino.it\/en\/why-is-september-called-september\/#breadcrumb"},"inLanguage":"en-US","potentialAction":[{"@type":"ReadAction","target":["https:\/\/www.donatopaolino.it\/en\/why-is-september-called-september\/"]}]},{"@type":"ImageObject","inLanguage":"en-US","@id":"https:\/\/www.donatopaolino.it\/en\/why-is-september-called-september\/#primaryimage","url":"https:\/\/www.donatopaolino.it\/wp-content\/uploads\/2026\/08\/why-is-september-called-september.webp","contentUrl":"https:\/\/www.donatopaolino.it\/wp-content\/uploads\/2026\/08\/why-is-september-called-september.webp","width":1672,"height":941,"caption":"Why September is called September in the Roman calendar"},{"@type":"BreadcrumbList","@id":"https:\/\/www.donatopaolino.it\/en\/why-is-september-called-september\/#breadcrumb","itemListElement":[{"@type":"ListItem","position":1,"name":"Home","item":"https:\/\/www.donatopaolino.it\/en\/"},{"@type":"ListItem","position":2,"name":"Why Is September Called September? The Story Behind Its Name"}]},{"@type":"WebSite","@id":"https:\/\/www.donatopaolino.it\/en\/#website","url":"https:\/\/www.donatopaolino.it\/en\/","name":"Donato Paolino Blog","description":"Sopravvivere nell&#039;era digitale","publisher":{"@id":"https:\/\/www.donatopaolino.it\/en\/#\/schema\/person\/56bb73005997bf020fb51a66de0f20f8"},"potentialAction":[{"@type":"SearchAction","target":{"@type":"EntryPoint","urlTemplate":"https:\/\/www.donatopaolino.it\/en\/?s={search_term_string}"},"query-input":{"@type":"PropertyValueSpecification","valueRequired":true,"valueName":"search_term_string"}}],"inLanguage":"en-US"},{"@type":["Person","Organization"],"@id":"https:\/\/www.donatopaolino.it\/en\/#\/schema\/person\/56bb73005997bf020fb51a66de0f20f8","name":"Donato Paolino","image":{"@type":"ImageObject","inLanguage":"en-US","@id":"https:\/\/www.donatopaolino.it\/wp-content\/uploads\/2026\/02\/cropped-DonatoPaolinoITLogo.png","url":"https:\/\/www.donatopaolino.it\/wp-content\/uploads\/2026\/02\/cropped-DonatoPaolinoITLogo.png","contentUrl":"https:\/\/www.donatopaolino.it\/wp-content\/uploads\/2026\/02\/cropped-DonatoPaolinoITLogo.png","width":80,"height":59,"caption":"Donato Paolino"},"logo":{"@id":"https:\/\/www.donatopaolino.it\/wp-content\/uploads\/2026\/02\/cropped-DonatoPaolinoITLogo.png"},"description":"Ciao! Sono Donato Paolino. Nel lavoro mi occupo di consulenza strategica digitale e aiuto le aziende a trasformare il marketing online in un sistema di crescita misurabile. Qui per\u00f2 non parlo di lavoro. Questo \u00e8 il mio spazio personale: un luogo dove condivido passioni, idee e curiosit\u00e0 \u2014 cucina, tecnologia, musica, spiritualit\u00e0 e tutto ci\u00f2 che non finisce dentro un report di marketing. Se vuoi sapere cosa faccio professionalmente e come nasce una vera consulenza strategica digitale, puoi scoprirlo su Dopstart.","sameAs":["https:\/\/www.donatopaolino.it","https:\/\/www.facebook.com\/seodopstart","https:\/\/x.com\/dopstart"],"url":"https:\/\/www.donatopaolino.it\/en\/author\/dopstart\/"}]}},"_links":{"self":[{"href":"https:\/\/www.donatopaolino.it\/en\/wp-json\/wp\/v2\/posts\/138229","targetHints":{"allow":["GET"]}}],"collection":[{"href":"https:\/\/www.donatopaolino.it\/en\/wp-json\/wp\/v2\/posts"}],"about":[{"href":"https:\/\/www.donatopaolino.it\/en\/wp-json\/wp\/v2\/types\/post"}],"author":[{"embeddable":true,"href":"https:\/\/www.donatopaolino.it\/en\/wp-json\/wp\/v2\/users\/1"}],"replies":[{"embeddable":true,"href":"https:\/\/www.donatopaolino.it\/en\/wp-json\/wp\/v2\/comments?post=138229"}],"version-history":[{"count":1,"href":"https:\/\/www.donatopaolino.it\/en\/wp-json\/wp\/v2\/posts\/138229\/revisions"}],"predecessor-version":[{"id":138231,"href":"https:\/\/www.donatopaolino.it\/en\/wp-json\/wp\/v2\/posts\/138229\/revisions\/138231"}],"wp:featuredmedia":[{"embeddable":true,"href":"https:\/\/www.donatopaolino.it\/en\/wp-json\/wp\/v2\/media\/138230"}],"wp:attachment":[{"href":"https:\/\/www.donatopaolino.it\/en\/wp-json\/wp\/v2\/media?parent=138229"}],"wp:term":[{"taxonomy":"category","embeddable":true,"href":"https:\/\/www.donatopaolino.it\/en\/wp-json\/wp\/v2\/categories?post=138229"},{"taxonomy":"post_tag","embeddable":true,"href":"https:\/\/www.donatopaolino.it\/en\/wp-json\/wp\/v2\/tags?post=138229"}],"curies":[{"name":"wp","href":"https:\/\/api.w.org\/{rel}","templated":true}]}}