{"id":138135,"date":"2026-08-22T10:39:13","date_gmt":"2026-08-22T08:39:13","guid":{"rendered":"https:\/\/www.donatopaolino.it\/?p=138135"},"modified":"2026-08-22T10:41:08","modified_gmt":"2026-08-22T08:41:08","slug":"why-august-is-called-august","status":"publish","type":"post","link":"https:\/\/www.donatopaolino.it\/en\/why-august-is-called-august\/","title":{"rendered":"Why Is August Called August? The Origin of the Months"},"content":{"rendered":"\n<p class=\"wp-block-paragraph\">Have you ever wondered <strong>why August is called August<\/strong>? And why September, whose name seems connected to the number seven, is actually the ninth month of the year? Behind the names we use every day lies a story stretching back more than two thousand years, involving emperors, Roman gods and changes to the calendar.<\/p>\n\n\n\n<p class=\"wp-block-paragraph\">To understand the <strong>origin of the name August<\/strong>, we need to travel back to ancient Rome.<\/p>\n\n\n<h2 class=\"simpletoc-title\">Table of Contents<\/h2>\n<ul class=\"simpletoc-list\">\n<li><a href=\"#why-is-august-called-august\">Why is August called August?<\/a>\n<\/li>\n<li><a href=\"#before-augustus-came-julius-caesar\">Before Augustus came Julius Caesar<\/a>\n<\/li>\n<li><a href=\"#why-isnt-september-the-seventh-month\">Why isn\u2019t September the seventh month?<\/a>\n<\/li>\n<li><a href=\"#where-do-the-other-month-names-come-from\">Where do the other month names come from?<\/a>\n<\/li>\n<li><a href=\"#from-the-roman-to-the-gregorian-calendar\">From the Roman to the Gregorian calendar<\/a>\n<\/li>\n<li><a href=\"#did-augustus-take-a-day-from-february\">Did Augustus take a day from February?<\/a>\n<\/li>\n<li><a href=\"#month-names-are-fragments-of-history\">Month names are fragments of history<\/a>\n<\/li><\/ul>\n\n\n<h2 id=\"why-is-august-called-august\" class=\"wp-block-heading\"><strong>Why is August called August?<\/strong><\/h2>\n\n\n\n<p class=\"wp-block-paragraph\">August takes its name from Augustus, the title given in <strong>27 BC<\/strong> to Gaius Octavius, who is generally considered Rome\u2019s <strong>first emperor<\/strong>. The Latin word <em>Augustus<\/em> carried a solemn meaning, similar to \u201cvenerable\u201d or \u201cmajestic.\u201d<\/p>\n\n\n\n<p class=\"wp-block-paragraph\">The month originally had another name: <em>Sextilis<\/em>, meaning \u201csixth month,\u201d because the early Roman year began in March. When the calendar changed, Sextilis became the eighth month but initially retained its old name.<\/p>\n\n\n\n<p class=\"wp-block-paragraph\">In 8 BC, it was renamed <em>Augustus<\/em> in honour of the emperor. So the month we now associate with summer holidays still carries the name of a ruler from ancient Rome.<\/p>\n\n\n\n<h2 id=\"before-augustus-came-julius-caesar\" class=\"wp-block-heading\"><strong>Before Augustus came Julius Caesar<\/strong><\/h2>\n\n\n\n<p class=\"wp-block-paragraph\">July also commemorates an important Roman figure. It was originally called <em>Quintilis<\/em>, meaning the fifth month, but in 44 BC it was renamed <em>Julius<\/em> in honour of <strong>Julius Caesar<\/strong>.<\/p>\n\n\n\n<p class=\"wp-block-paragraph\">Caesar also played an essential role in the history of timekeeping. His reform produced the Julian calendar, which came into use in 45 BC. Whenever we say July and August, therefore, we are still using the names of two major figures from Roman history.<\/p>\n\n\n\n<h2 id=\"why-isnt-september-the-seventh-month\" class=\"wp-block-heading\"><strong>Why isn\u2019t September the seventh month?<\/strong><\/h2>\n\n\n\n<p class=\"wp-block-paragraph\">September comes from the Latin <em>septem<\/em>, meaning seven. So why is it the ninth month?<\/p>\n\n\n\n<p class=\"wp-block-paragraph\">The answer lies in the <strong>Roman calendar<\/strong>. In an early form of the calendar, the year began in March. September was consequently the seventh month, October the eighth, November the ninth and December the tenth.<\/p>\n\n\n\n<p class=\"wp-block-paragraph\">When January and February became part of the structure that eventually placed them before March, the traditional names survived. This explains the apparent contradiction we still see today.<\/p>\n\n\n\n<h2 id=\"where-do-the-other-month-names-come-from\" class=\"wp-block-heading\"><strong>Where do the other month names come from?<\/strong><\/h2>\n\n\n\n<p class=\"wp-block-paragraph\">January is traditionally associated with Janus, the Roman god of beginnings, transitions and doorways. February is linked to ancient purification rites, while March takes its name from Mars, the Roman god of war.<\/p>\n\n\n\n<p class=\"wp-block-paragraph\">May is generally associated with Maia and June with Juno. The precise origin of April is more uncertain and remains debated.<\/p>\n\n\n\n<p class=\"wp-block-paragraph\">Our calendar is therefore a linguistic archive where religion, politics, numbers and history coexist.<\/p>\n\n\n\n<h2 id=\"from-the-roman-to-the-gregorian-calendar\" class=\"wp-block-heading\"><strong>From the Roman to the Gregorian calendar<\/strong><\/h2>\n\n\n\n<p class=\"wp-block-paragraph\">Today, much of the world uses the <strong>Gregorian calendar<\/strong>, introduced in 1582 under Pope Gregory XIII to correct the growing discrepancy between the Julian calendar and the solar year.<\/p>\n\n\n\n<p class=\"wp-block-paragraph\">The ancient names, however, survived. August still remembers Augustus, July commemorates <strong>Julius Caesar<\/strong>, while September, October, November and December preserve traces of an older arrangement of the year.<\/p>\n\n\n\n<h2 id=\"did-augustus-take-a-day-from-february\" class=\"wp-block-heading\"><strong>Did Augustus take a day from February?<\/strong><\/h2>\n\n\n\n<p class=\"wp-block-paragraph\">A popular story claims that Augustus wanted his month to have 31 days, just like July, and therefore took a day away from February.<\/p>\n\n\n\n<p class=\"wp-block-paragraph\">It is a memorable story, but it should not be treated as established historical fact. The development of the Roman and Julian calendars was considerably more complicated, and August\u2019s 31 days cannot simply be explained as the result of rivalry between Augustus and Caesar.<\/p>\n\n\n\n<h2 id=\"month-names-are-fragments-of-history\" class=\"wp-block-heading\"><strong>Month names are fragments of history<\/strong><\/h2>\n\n\n\n<p class=\"wp-block-paragraph\">Understanding <strong>why August is called August<\/strong> reveals how much of ancient Rome survives in everyday language. Whenever we say August, we indirectly remember Rome\u2019s <strong>first emperor<\/strong>; whenever we say July, we recall <strong>Julius Caesar<\/strong>.<\/p>\n\n\n\n<p class=\"wp-block-paragraph\">The modern <strong>Gregorian calendar<\/strong>, therefore, does more than organise our days. Its month names preserve fragments of a civilisation that existed more than two thousand years ago.<\/p>\n\n\n\n<p class=\"wp-block-paragraph\">Did you already know the <strong>origin of the name August<\/strong>, or did you imagine a different explanation? Tell us in the comments.<\/p>\n\n\n\n<p class=\"wp-block-paragraph\"><strong>Practical idea:<\/strong> look at all twelve months and try to discover the origin of each name. You may be surprised by how much ancient history appears on an ordinary calendar.<\/p>\n\n\n\n<p class=\"wp-block-paragraph\"><strong>Related articles:<\/strong> <em><a href=\"https:\/\/www.donatopaolino.it\/en\/why-we-celebrate-ferragosto\/\" data-type=\"post\" data-id=\"138086\">Why We Celebrate Ferragosto<\/a><\/em><\/p>\n","protected":false},"excerpt":{"rendered":"<p>Have you ever wondered why August is called August? And why September, whose name seems connected to the number seven, [&hellip;]<\/p>\n","protected":false},"author":1,"featured_media":138136,"comment_status":"open","ping_status":"closed","sticky":false,"template":"","format":"standard","meta":{"rs_blank_template":"","rs_page_bg_color":"","slide_template_v7":"","footnotes":""},"categories":[365],"tags":[],"class_list":["post-138135","post","type-post","status-publish","format-standard","has-post-thumbnail","hentry","category-culture"],"yoast_head":"<!-- This site is optimized with the Yoast SEO plugin v28.3 - https:\/\/yoast.com\/product\/yoast-seo-wordpress\/ -->\n<title>Why Is August Called August? Month Name Origins - Donato Paolino Blog<\/title>\n<meta name=\"description\" content=\"Why is August called August? Discover the Roman origins of August and the fascinating history behind the names of our months.\" \/>\n<meta name=\"robots\" content=\"index, follow, max-snippet:-1, max-image-preview:large, max-video-preview:-1\" \/>\n<link rel=\"canonical\" href=\"https:\/\/www.donatopaolino.it\/en\/why-august-is-called-august\/\" \/>\n<meta property=\"og:locale\" content=\"en_US\" \/>\n<meta property=\"og:type\" content=\"article\" \/>\n<meta property=\"og:title\" content=\"Why Is August Called August? Month Name Origins - Donato Paolino Blog\" \/>\n<meta property=\"og:description\" content=\"Why is August called August? Discover the Roman origins of August and the fascinating history behind the names of our months.\" \/>\n<meta property=\"og:url\" content=\"https:\/\/www.donatopaolino.it\/en\/why-august-is-called-august\/\" \/>\n<meta property=\"og:site_name\" content=\"Donato Paolino Blog\" \/>\n<meta property=\"article:publisher\" content=\"https:\/\/www.facebook.com\/seodopstart\" \/>\n<meta property=\"article:author\" content=\"https:\/\/www.facebook.com\/seodopstart\" \/>\n<meta property=\"article:published_time\" content=\"2026-08-22T08:39:13+00:00\" \/>\n<meta property=\"article:modified_time\" content=\"2026-08-22T08:41:08+00:00\" \/>\n<meta property=\"og:image\" content=\"https:\/\/www.donatopaolino.it\/wp-content\/uploads\/2026\/08\/why-august-is-called-august-name-origin.webp\" \/>\n\t<meta property=\"og:image:width\" content=\"1672\" \/>\n\t<meta property=\"og:image:height\" content=\"941\" \/>\n\t<meta property=\"og:image:type\" content=\"image\/webp\" \/>\n<meta name=\"author\" content=\"Donato Paolino\" \/>\n<meta name=\"twitter:card\" content=\"summary_large_image\" \/>\n<meta name=\"twitter:creator\" content=\"@dopstart\" \/>\n<meta name=\"twitter:site\" content=\"@dopstart\" \/>\n<meta name=\"twitter:label1\" content=\"Written by\" \/>\n\t<meta name=\"twitter:data1\" content=\"Donato Paolino\" \/>\n\t<meta name=\"twitter:label2\" content=\"Est. reading time\" \/>\n\t<meta name=\"twitter:data2\" content=\"4 minutes\" \/>\n<script type=\"application\/ld+json\" class=\"yoast-schema-graph\">{\"@context\":\"https:\\\/\\\/schema.org\",\"@graph\":[{\"@type\":\"Article\",\"@id\":\"https:\\\/\\\/www.donatopaolino.it\\\/en\\\/why-august-is-called-august\\\/#article\",\"isPartOf\":{\"@id\":\"https:\\\/\\\/www.donatopaolino.it\\\/en\\\/why-august-is-called-august\\\/\"},\"author\":{\"name\":\"Donato Paolino\",\"@id\":\"https:\\\/\\\/www.donatopaolino.it\\\/en\\\/#\\\/schema\\\/person\\\/56bb73005997bf020fb51a66de0f20f8\"},\"headline\":\"Why Is August Called August? The Origin of the Months\",\"datePublished\":\"2026-08-22T08:39:13+00:00\",\"dateModified\":\"2026-08-22T08:41:08+00:00\",\"mainEntityOfPage\":{\"@id\":\"https:\\\/\\\/www.donatopaolino.it\\\/en\\\/why-august-is-called-august\\\/\"},\"wordCount\":683,\"commentCount\":0,\"publisher\":{\"@id\":\"https:\\\/\\\/www.donatopaolino.it\\\/en\\\/#\\\/schema\\\/person\\\/56bb73005997bf020fb51a66de0f20f8\"},\"image\":{\"@id\":\"https:\\\/\\\/www.donatopaolino.it\\\/en\\\/why-august-is-called-august\\\/#primaryimage\"},\"thumbnailUrl\":\"https:\\\/\\\/www.donatopaolino.it\\\/wp-content\\\/uploads\\\/2026\\\/08\\\/why-august-is-called-august-name-origin.webp\",\"articleSection\":[\"Culture\"],\"inLanguage\":\"en-US\",\"potentialAction\":[{\"@type\":\"CommentAction\",\"name\":\"Comment\",\"target\":[\"https:\\\/\\\/www.donatopaolino.it\\\/en\\\/why-august-is-called-august\\\/#respond\"]}]},{\"@type\":\"WebPage\",\"@id\":\"https:\\\/\\\/www.donatopaolino.it\\\/en\\\/why-august-is-called-august\\\/\",\"url\":\"https:\\\/\\\/www.donatopaolino.it\\\/en\\\/why-august-is-called-august\\\/\",\"name\":\"Why Is August Called August? Month Name Origins - Donato Paolino Blog\",\"isPartOf\":{\"@id\":\"https:\\\/\\\/www.donatopaolino.it\\\/en\\\/#website\"},\"primaryImageOfPage\":{\"@id\":\"https:\\\/\\\/www.donatopaolino.it\\\/en\\\/why-august-is-called-august\\\/#primaryimage\"},\"image\":{\"@id\":\"https:\\\/\\\/www.donatopaolino.it\\\/en\\\/why-august-is-called-august\\\/#primaryimage\"},\"thumbnailUrl\":\"https:\\\/\\\/www.donatopaolino.it\\\/wp-content\\\/uploads\\\/2026\\\/08\\\/why-august-is-called-august-name-origin.webp\",\"datePublished\":\"2026-08-22T08:39:13+00:00\",\"dateModified\":\"2026-08-22T08:41:08+00:00\",\"description\":\"Why is August called August? Discover the Roman origins of August and the fascinating history behind the names of our months.\",\"breadcrumb\":{\"@id\":\"https:\\\/\\\/www.donatopaolino.it\\\/en\\\/why-august-is-called-august\\\/#breadcrumb\"},\"inLanguage\":\"en-US\",\"potentialAction\":[{\"@type\":\"ReadAction\",\"target\":[\"https:\\\/\\\/www.donatopaolino.it\\\/en\\\/why-august-is-called-august\\\/\"]}]},{\"@type\":\"ImageObject\",\"inLanguage\":\"en-US\",\"@id\":\"https:\\\/\\\/www.donatopaolino.it\\\/en\\\/why-august-is-called-august\\\/#primaryimage\",\"url\":\"https:\\\/\\\/www.donatopaolino.it\\\/wp-content\\\/uploads\\\/2026\\\/08\\\/why-august-is-called-august-name-origin.webp\",\"contentUrl\":\"https:\\\/\\\/www.donatopaolino.it\\\/wp-content\\\/uploads\\\/2026\\\/08\\\/why-august-is-called-august-name-origin.webp\",\"width\":1672,\"height\":941,\"caption\":\"August takes its name from Augustus, the first Roman emperor.\"},{\"@type\":\"BreadcrumbList\",\"@id\":\"https:\\\/\\\/www.donatopaolino.it\\\/en\\\/why-august-is-called-august\\\/#breadcrumb\",\"itemListElement\":[{\"@type\":\"ListItem\",\"position\":1,\"name\":\"Home\",\"item\":\"https:\\\/\\\/www.donatopaolino.it\\\/en\\\/\"},{\"@type\":\"ListItem\",\"position\":2,\"name\":\"Why Is August Called August? The Origin of the Months\"}]},{\"@type\":\"WebSite\",\"@id\":\"https:\\\/\\\/www.donatopaolino.it\\\/en\\\/#website\",\"url\":\"https:\\\/\\\/www.donatopaolino.it\\\/en\\\/\",\"name\":\"Donato Paolino Blog\",\"description\":\"Sopravvivere nell&#039;era digitale\",\"publisher\":{\"@id\":\"https:\\\/\\\/www.donatopaolino.it\\\/en\\\/#\\\/schema\\\/person\\\/56bb73005997bf020fb51a66de0f20f8\"},\"potentialAction\":[{\"@type\":\"SearchAction\",\"target\":{\"@type\":\"EntryPoint\",\"urlTemplate\":\"https:\\\/\\\/www.donatopaolino.it\\\/en\\\/?s={search_term_string}\"},\"query-input\":{\"@type\":\"PropertyValueSpecification\",\"valueRequired\":true,\"valueName\":\"search_term_string\"}}],\"inLanguage\":\"en-US\"},{\"@type\":[\"Person\",\"Organization\"],\"@id\":\"https:\\\/\\\/www.donatopaolino.it\\\/en\\\/#\\\/schema\\\/person\\\/56bb73005997bf020fb51a66de0f20f8\",\"name\":\"Donato Paolino\",\"image\":{\"@type\":\"ImageObject\",\"inLanguage\":\"en-US\",\"@id\":\"https:\\\/\\\/www.donatopaolino.it\\\/wp-content\\\/uploads\\\/2026\\\/02\\\/cropped-DonatoPaolinoITLogo.png\",\"url\":\"https:\\\/\\\/www.donatopaolino.it\\\/wp-content\\\/uploads\\\/2026\\\/02\\\/cropped-DonatoPaolinoITLogo.png\",\"contentUrl\":\"https:\\\/\\\/www.donatopaolino.it\\\/wp-content\\\/uploads\\\/2026\\\/02\\\/cropped-DonatoPaolinoITLogo.png\",\"width\":80,\"height\":59,\"caption\":\"Donato Paolino\"},\"logo\":{\"@id\":\"https:\\\/\\\/www.donatopaolino.it\\\/wp-content\\\/uploads\\\/2026\\\/02\\\/cropped-DonatoPaolinoITLogo.png\"},\"description\":\"Ciao! Sono Donato Paolino. Nel lavoro mi occupo di consulenza strategica digitale e aiuto le aziende a trasformare il marketing online in un sistema di crescita misurabile. Qui per\u00f2 non parlo di lavoro. Questo \u00e8 il mio spazio personale: un luogo dove condivido passioni, idee e curiosit\u00e0 \u2014 cucina, tecnologia, musica, spiritualit\u00e0 e tutto ci\u00f2 che non finisce dentro un report di marketing. Se vuoi sapere cosa faccio professionalmente e come nasce una vera consulenza strategica digitale, puoi scoprirlo su Dopstart.\",\"sameAs\":[\"https:\\\/\\\/www.donatopaolino.it\",\"https:\\\/\\\/www.facebook.com\\\/seodopstart\",\"https:\\\/\\\/x.com\\\/dopstart\"],\"url\":\"https:\\\/\\\/www.donatopaolino.it\\\/en\\\/author\\\/dopstart\\\/\"}]}<\/script>\n<!-- \/ Yoast SEO plugin. -->","yoast_head_json":{"title":"Why Is August Called August? Month Name Origins - Donato Paolino Blog","description":"Why is August called August? Discover the Roman origins of August and the fascinating history behind the names of our months.","robots":{"index":"index","follow":"follow","max-snippet":"max-snippet:-1","max-image-preview":"max-image-preview:large","max-video-preview":"max-video-preview:-1"},"canonical":"https:\/\/www.donatopaolino.it\/en\/why-august-is-called-august\/","og_locale":"en_US","og_type":"article","og_title":"Why Is August Called August? Month Name Origins - Donato Paolino Blog","og_description":"Why is August called August? Discover the Roman origins of August and the fascinating history behind the names of our months.","og_url":"https:\/\/www.donatopaolino.it\/en\/why-august-is-called-august\/","og_site_name":"Donato Paolino Blog","article_publisher":"https:\/\/www.facebook.com\/seodopstart","article_author":"https:\/\/www.facebook.com\/seodopstart","article_published_time":"2026-08-22T08:39:13+00:00","article_modified_time":"2026-08-22T08:41:08+00:00","og_image":[{"width":1672,"height":941,"url":"https:\/\/www.donatopaolino.it\/wp-content\/uploads\/2026\/08\/why-august-is-called-august-name-origin.webp","type":"image\/webp"}],"author":"Donato Paolino","twitter_card":"summary_large_image","twitter_creator":"@dopstart","twitter_site":"@dopstart","twitter_misc":{"Written by":"Donato Paolino","Est. reading time":"4 minutes"},"schema":{"@context":"https:\/\/schema.org","@graph":[{"@type":"Article","@id":"https:\/\/www.donatopaolino.it\/en\/why-august-is-called-august\/#article","isPartOf":{"@id":"https:\/\/www.donatopaolino.it\/en\/why-august-is-called-august\/"},"author":{"name":"Donato Paolino","@id":"https:\/\/www.donatopaolino.it\/en\/#\/schema\/person\/56bb73005997bf020fb51a66de0f20f8"},"headline":"Why Is August Called August? The Origin of the Months","datePublished":"2026-08-22T08:39:13+00:00","dateModified":"2026-08-22T08:41:08+00:00","mainEntityOfPage":{"@id":"https:\/\/www.donatopaolino.it\/en\/why-august-is-called-august\/"},"wordCount":683,"commentCount":0,"publisher":{"@id":"https:\/\/www.donatopaolino.it\/en\/#\/schema\/person\/56bb73005997bf020fb51a66de0f20f8"},"image":{"@id":"https:\/\/www.donatopaolino.it\/en\/why-august-is-called-august\/#primaryimage"},"thumbnailUrl":"https:\/\/www.donatopaolino.it\/wp-content\/uploads\/2026\/08\/why-august-is-called-august-name-origin.webp","articleSection":["Culture"],"inLanguage":"en-US","potentialAction":[{"@type":"CommentAction","name":"Comment","target":["https:\/\/www.donatopaolino.it\/en\/why-august-is-called-august\/#respond"]}]},{"@type":"WebPage","@id":"https:\/\/www.donatopaolino.it\/en\/why-august-is-called-august\/","url":"https:\/\/www.donatopaolino.it\/en\/why-august-is-called-august\/","name":"Why Is August Called August? Month Name Origins - Donato Paolino Blog","isPartOf":{"@id":"https:\/\/www.donatopaolino.it\/en\/#website"},"primaryImageOfPage":{"@id":"https:\/\/www.donatopaolino.it\/en\/why-august-is-called-august\/#primaryimage"},"image":{"@id":"https:\/\/www.donatopaolino.it\/en\/why-august-is-called-august\/#primaryimage"},"thumbnailUrl":"https:\/\/www.donatopaolino.it\/wp-content\/uploads\/2026\/08\/why-august-is-called-august-name-origin.webp","datePublished":"2026-08-22T08:39:13+00:00","dateModified":"2026-08-22T08:41:08+00:00","description":"Why is August called August? Discover the Roman origins of August and the fascinating history behind the names of our months.","breadcrumb":{"@id":"https:\/\/www.donatopaolino.it\/en\/why-august-is-called-august\/#breadcrumb"},"inLanguage":"en-US","potentialAction":[{"@type":"ReadAction","target":["https:\/\/www.donatopaolino.it\/en\/why-august-is-called-august\/"]}]},{"@type":"ImageObject","inLanguage":"en-US","@id":"https:\/\/www.donatopaolino.it\/en\/why-august-is-called-august\/#primaryimage","url":"https:\/\/www.donatopaolino.it\/wp-content\/uploads\/2026\/08\/why-august-is-called-august-name-origin.webp","contentUrl":"https:\/\/www.donatopaolino.it\/wp-content\/uploads\/2026\/08\/why-august-is-called-august-name-origin.webp","width":1672,"height":941,"caption":"August takes its name from Augustus, the first Roman emperor."},{"@type":"BreadcrumbList","@id":"https:\/\/www.donatopaolino.it\/en\/why-august-is-called-august\/#breadcrumb","itemListElement":[{"@type":"ListItem","position":1,"name":"Home","item":"https:\/\/www.donatopaolino.it\/en\/"},{"@type":"ListItem","position":2,"name":"Why Is August Called August? The Origin of the Months"}]},{"@type":"WebSite","@id":"https:\/\/www.donatopaolino.it\/en\/#website","url":"https:\/\/www.donatopaolino.it\/en\/","name":"Donato Paolino Blog","description":"Sopravvivere nell&#039;era digitale","publisher":{"@id":"https:\/\/www.donatopaolino.it\/en\/#\/schema\/person\/56bb73005997bf020fb51a66de0f20f8"},"potentialAction":[{"@type":"SearchAction","target":{"@type":"EntryPoint","urlTemplate":"https:\/\/www.donatopaolino.it\/en\/?s={search_term_string}"},"query-input":{"@type":"PropertyValueSpecification","valueRequired":true,"valueName":"search_term_string"}}],"inLanguage":"en-US"},{"@type":["Person","Organization"],"@id":"https:\/\/www.donatopaolino.it\/en\/#\/schema\/person\/56bb73005997bf020fb51a66de0f20f8","name":"Donato Paolino","image":{"@type":"ImageObject","inLanguage":"en-US","@id":"https:\/\/www.donatopaolino.it\/wp-content\/uploads\/2026\/02\/cropped-DonatoPaolinoITLogo.png","url":"https:\/\/www.donatopaolino.it\/wp-content\/uploads\/2026\/02\/cropped-DonatoPaolinoITLogo.png","contentUrl":"https:\/\/www.donatopaolino.it\/wp-content\/uploads\/2026\/02\/cropped-DonatoPaolinoITLogo.png","width":80,"height":59,"caption":"Donato Paolino"},"logo":{"@id":"https:\/\/www.donatopaolino.it\/wp-content\/uploads\/2026\/02\/cropped-DonatoPaolinoITLogo.png"},"description":"Ciao! Sono Donato Paolino. Nel lavoro mi occupo di consulenza strategica digitale e aiuto le aziende a trasformare il marketing online in un sistema di crescita misurabile. Qui per\u00f2 non parlo di lavoro. Questo \u00e8 il mio spazio personale: un luogo dove condivido passioni, idee e curiosit\u00e0 \u2014 cucina, tecnologia, musica, spiritualit\u00e0 e tutto ci\u00f2 che non finisce dentro un report di marketing. Se vuoi sapere cosa faccio professionalmente e come nasce una vera consulenza strategica digitale, puoi scoprirlo su Dopstart.","sameAs":["https:\/\/www.donatopaolino.it","https:\/\/www.facebook.com\/seodopstart","https:\/\/x.com\/dopstart"],"url":"https:\/\/www.donatopaolino.it\/en\/author\/dopstart\/"}]}},"_links":{"self":[{"href":"https:\/\/www.donatopaolino.it\/en\/wp-json\/wp\/v2\/posts\/138135","targetHints":{"allow":["GET"]}}],"collection":[{"href":"https:\/\/www.donatopaolino.it\/en\/wp-json\/wp\/v2\/posts"}],"about":[{"href":"https:\/\/www.donatopaolino.it\/en\/wp-json\/wp\/v2\/types\/post"}],"author":[{"embeddable":true,"href":"https:\/\/www.donatopaolino.it\/en\/wp-json\/wp\/v2\/users\/1"}],"replies":[{"embeddable":true,"href":"https:\/\/www.donatopaolino.it\/en\/wp-json\/wp\/v2\/comments?post=138135"}],"version-history":[{"count":1,"href":"https:\/\/www.donatopaolino.it\/en\/wp-json\/wp\/v2\/posts\/138135\/revisions"}],"predecessor-version":[{"id":138137,"href":"https:\/\/www.donatopaolino.it\/en\/wp-json\/wp\/v2\/posts\/138135\/revisions\/138137"}],"wp:featuredmedia":[{"embeddable":true,"href":"https:\/\/www.donatopaolino.it\/en\/wp-json\/wp\/v2\/media\/138136"}],"wp:attachment":[{"href":"https:\/\/www.donatopaolino.it\/en\/wp-json\/wp\/v2\/media?parent=138135"}],"wp:term":[{"taxonomy":"category","embeddable":true,"href":"https:\/\/www.donatopaolino.it\/en\/wp-json\/wp\/v2\/categories?post=138135"},{"taxonomy":"post_tag","embeddable":true,"href":"https:\/\/www.donatopaolino.it\/en\/wp-json\/wp\/v2\/tags?post=138135"}],"curies":[{"name":"wp","href":"https:\/\/api.w.org\/{rel}","templated":true}]}}