{"id":138086,"date":"2026-08-14T00:03:54","date_gmt":"2026-08-13T22:03:54","guid":{"rendered":"https:\/\/www.donatopaolino.it\/?p=138086"},"modified":"2026-08-14T00:05:28","modified_gmt":"2026-08-13T22:05:28","slug":"why-we-celebrate-ferragosto","status":"publish","type":"post","link":"https:\/\/www.donatopaolino.it\/en\/why-we-celebrate-ferragosto\/","title":{"rendered":"Why We Celebrate Ferragosto: History and Origins"},"content":{"rendered":"\n<p class=\"wp-block-paragraph\">Have you ever wondered <strong>why Ferragosto is celebrated<\/strong> on August 15? Why has this particular day become such a powerful symbol of the <strong>Italian summer holidays<\/strong>? And where do traditions such as the <strong>Ferragosto lunch<\/strong>, day trips, picnics and almost deserted Italian cities actually come from?<\/p>\n\n\n\n<p class=\"wp-block-paragraph\">If you want to understand <strong>why Italians celebrate Ferragosto<\/strong>, we need to travel back more than two thousand years. The holiday we still celebrate today is the result of a fascinating encounter between <strong>Ancient Rome<\/strong>, agricultural traditions and the <strong>Catholic Church<\/strong>.<\/p>\n\n\n\n<h2 id=\"the-roman-origins-of-ferragosto\" class=\"wp-block-heading\"><strong>The Roman Origins of Ferragosto<\/strong><\/h2>\n\n\n\n<p class=\"wp-block-paragraph\">The story begins in <strong>18 BC<\/strong>, during the reign of <strong>Octavian Augustus<\/strong>, the first Roman emperor, from whom the month of <strong>August<\/strong> takes its name. Augustus established the <em>Feriae Augusti<\/em>, a period devoted to rest and celebrations.<\/p>\n\n\n\n<p class=\"wp-block-paragraph\">The Italian word <em>Ferragosto<\/em> <strong>derives from the Latin Feriae Augusti<\/strong>, meaning the \u201cholidays of Augustus\u201d or, more freely, the \u201crest of Augustus\u201d. Originally, these celebrations were associated with the beginning of August rather than August 15 as they are today.<\/p>\n\n\n\n<p class=\"wp-block-paragraph\">However, we should not imagine Roman holidays as being similar to our modern summer vacations. Roman society was closely connected to agriculture and its seasonal cycles. After long periods of hard <strong>work in the fields<\/strong>, these festivities gave <strong>agricultural workers<\/strong> an opportunity to rest and take part in public celebrations.<\/p>\n\n\n\n<h2 id=\"a-pagan-festival-and-horse-races\" class=\"wp-block-heading\"><strong>A Pagan Festival and Horse Races<\/strong><\/h2>\n\n\n\n<p class=\"wp-block-paragraph\">To understand <strong>why Ferragosto is a holiday<\/strong>, we also need to consider the close relationship between religion and agriculture in Roman society. The <em>Feriae Augusti<\/em> were part of a wider period filled with celebrations connected to the harvest.<\/p>\n\n\n\n<p class=\"wp-block-paragraph\">Among them were festivities associated with Consus, a Roman deity linked to stored grain and agriculture, sometimes described in simplified accounts as a <strong>god of the earth and fertility<\/strong>.<\/p>\n\n\n\n<p class=\"wp-block-paragraph\">Games and <strong>horse races<\/strong> were organised during these celebrations, while animals normally employed in agricultural work could also be given a break from their daily duties.<\/p>\n\n\n\n<p class=\"wp-block-paragraph\">Ferragosto therefore has ancient roots in a <strong>pagan festival<\/strong>, but the holiday Italians celebrate today is the product of a much longer historical transformation.<\/p>\n\n\n\n<h2 id=\"why-is-ferragosto-celebrated-on-august-15\" class=\"wp-block-heading\"><strong>Why Is Ferragosto Celebrated on August 15?<\/strong><\/h2>\n\n\n\n<p class=\"wp-block-paragraph\">So <strong>why is Ferragosto celebrated on August 15<\/strong> if the Roman <em>Feriae Augusti<\/em> were originally associated with the beginning of the month?<\/p>\n\n\n\n<p class=\"wp-block-paragraph\">The modern date is closely connected with Christianity. On August 15, the <strong>Catholic Church<\/strong> celebrates the <strong>Assumption of Mary<\/strong>, which, according to Catholic belief, marks the Virgin Mary\u2019s assumption into heavenly glory, body and soul.<\/p>\n\n\n\n<p class=\"wp-block-paragraph\">The Marian celebration became increasingly important during the early Middle Ages. By the <strong>7th century<\/strong>, celebrations connected with the Assumption were already present in the Roman ecclesiastical tradition and became increasingly solemn over the following centuries.<\/p>\n\n\n\n<p class=\"wp-block-paragraph\">The Assumption is <strong>celebrated on August 15<\/strong>, and its position within the same period as the ancient Roman festivities helped shape the Ferragosto that later generations came to know.<\/p>\n\n\n\n<p class=\"wp-block-paragraph\">It is therefore important to distinguish between the two traditions. Augustus did not establish the Christian Ferragosto of August 15. The Roman and Christian elements developed separately before eventually becoming closely associated.<\/p>\n\n\n\n<h2 id=\"why-is-ferragosto-celebrated-in-italy\" class=\"wp-block-heading\"><strong>Why Is Ferragosto Celebrated in Italy?<\/strong><\/h2>\n\n\n\n<p class=\"wp-block-paragraph\">Understanding <strong>why Ferragosto is celebrated in Italy<\/strong> means looking at how this single day has managed to preserve religious, social and popular meanings at the same time.<\/p>\n\n\n\n<p class=\"wp-block-paragraph\">For Catholics, <strong>Ferragosto Day<\/strong> coincides with the Assumption, and many Italian towns still hold Masses, religious processions and traditional celebrations. For millions of other Italians, however, August 15 represents the symbolic heart of the <strong>summer holidays<\/strong>, whether spent at the seaside, in the mountains or enjoying the traditional <strong>day trip out of town<\/strong>.<\/p>\n\n\n\n<p class=\"wp-block-paragraph\">During the 20th century, affordable excursion trains helped make recreational trips accessible to more families. After the Second World War, paid holidays, widespread car ownership and mass tourism further established Ferragosto as one of the great symbols of the Italian summer.<\/p>\n\n\n\n<h2 id=\"ferragosto-lunch-and-todays-traditions\" class=\"wp-block-heading\"><strong>Ferragosto Lunch and Today\u2019s Traditions<\/strong><\/h2>\n\n\n\n<p class=\"wp-block-paragraph\"><strong>Even today<\/strong>, Ferragosto brings to mind beaches, picnics, barbecues and large tables surrounded by family and friends. The traditional <strong>Ferragosto lunch<\/strong> remains one of the most popular customs, although dishes and habits vary considerably from one Italian region to another.<\/p>\n\n\n\n<p class=\"wp-block-paragraph\">So there is no single answer to the question <strong>why do Italians celebrate Ferragosto?<\/strong> The holiday preserves the memory of the Roman <em>Feriae Augusti<\/em>, coincides with the Catholic <strong>Assumption of Mary<\/strong> and has become a deeply rooted occasion for rest, travel and spending time together.<\/p>\n\n\n\n<p class=\"wp-block-paragraph\">Perhaps this is precisely the secret of its extraordinary longevity. More than two thousand years later, Italians continue to celebrate, in completely different ways, something profoundly human and surprisingly timeless: the need to stop, enjoy the company of others and take a well-deserved break.<\/p>\n","protected":false},"excerpt":{"rendered":"<p>Have you ever wondered why Ferragosto is celebrated on August 15? Why has this particular day become such a powerful [&hellip;]<\/p>\n","protected":false},"author":1,"featured_media":138085,"comment_status":"open","ping_status":"closed","sticky":false,"template":"","format":"standard","meta":{"rs_blank_template":"","rs_page_bg_color":"","slide_template_v7":"","footnotes":""},"categories":[365],"tags":[],"class_list":["post-138086","post","type-post","status-publish","format-standard","has-post-thumbnail","hentry","category-culture"],"yoast_head":"<!-- This site is optimized with the Yoast SEO plugin v28.3 - https:\/\/yoast.com\/product\/yoast-seo-wordpress\/ -->\n<title>Why We Celebrate Ferragosto: History and Origins - Donato Paolino Blog<\/title>\n<meta name=\"description\" content=\"Discover why Ferragosto is celebrated on August 15, from its ancient Roman origins to the Assumption of Mary and modern Italian traditions.\" \/>\n<meta name=\"robots\" content=\"index, follow, max-snippet:-1, max-image-preview:large, max-video-preview:-1\" \/>\n<link rel=\"canonical\" href=\"https:\/\/www.donatopaolino.it\/en\/why-we-celebrate-ferragosto\/\" \/>\n<meta property=\"og:locale\" content=\"en_US\" \/>\n<meta property=\"og:type\" content=\"article\" \/>\n<meta property=\"og:title\" content=\"Why We Celebrate Ferragosto: History and Origins - Donato Paolino Blog\" \/>\n<meta property=\"og:description\" content=\"Discover why Ferragosto is celebrated on August 15, from its ancient Roman origins to the Assumption of Mary and modern Italian traditions.\" \/>\n<meta property=\"og:url\" content=\"https:\/\/www.donatopaolino.it\/en\/why-we-celebrate-ferragosto\/\" \/>\n<meta property=\"og:site_name\" content=\"Donato Paolino Blog\" \/>\n<meta property=\"article:publisher\" content=\"https:\/\/www.facebook.com\/seodopstart\" \/>\n<meta property=\"article:author\" content=\"https:\/\/www.facebook.com\/seodopstart\" \/>\n<meta property=\"article:published_time\" content=\"2026-08-13T22:03:54+00:00\" \/>\n<meta property=\"article:modified_time\" content=\"2026-08-13T22:05:28+00:00\" \/>\n<meta property=\"og:image\" content=\"https:\/\/www.donatopaolino.it\/wp-content\/uploads\/2026\/08\/perchw-si-festeggia-ferragosto.webp\" \/>\n\t<meta property=\"og:image:width\" content=\"1672\" \/>\n\t<meta property=\"og:image:height\" content=\"941\" \/>\n\t<meta property=\"og:image:type\" content=\"image\/webp\" \/>\n<meta name=\"author\" content=\"Donato Paolino\" \/>\n<meta name=\"twitter:card\" content=\"summary_large_image\" \/>\n<meta name=\"twitter:creator\" content=\"@dopstart\" \/>\n<meta name=\"twitter:site\" content=\"@dopstart\" \/>\n<meta name=\"twitter:label1\" content=\"Written by\" \/>\n\t<meta name=\"twitter:data1\" content=\"Donato Paolino\" \/>\n\t<meta name=\"twitter:label2\" content=\"Est. reading time\" \/>\n\t<meta name=\"twitter:data2\" content=\"5 minutes\" \/>\n<script type=\"application\/ld+json\" class=\"yoast-schema-graph\">{\"@context\":\"https:\\\/\\\/schema.org\",\"@graph\":[{\"@type\":\"Article\",\"@id\":\"https:\\\/\\\/www.donatopaolino.it\\\/en\\\/why-we-celebrate-ferragosto\\\/#article\",\"isPartOf\":{\"@id\":\"https:\\\/\\\/www.donatopaolino.it\\\/en\\\/why-we-celebrate-ferragosto\\\/\"},\"author\":{\"name\":\"Donato Paolino\",\"@id\":\"https:\\\/\\\/www.donatopaolino.it\\\/en\\\/#\\\/schema\\\/person\\\/56bb73005997bf020fb51a66de0f20f8\"},\"headline\":\"Why We Celebrate Ferragosto: History and Origins\",\"datePublished\":\"2026-08-13T22:03:54+00:00\",\"dateModified\":\"2026-08-13T22:05:28+00:00\",\"mainEntityOfPage\":{\"@id\":\"https:\\\/\\\/www.donatopaolino.it\\\/en\\\/why-we-celebrate-ferragosto\\\/\"},\"wordCount\":764,\"commentCount\":0,\"publisher\":{\"@id\":\"https:\\\/\\\/www.donatopaolino.it\\\/en\\\/#\\\/schema\\\/person\\\/56bb73005997bf020fb51a66de0f20f8\"},\"image\":{\"@id\":\"https:\\\/\\\/www.donatopaolino.it\\\/en\\\/why-we-celebrate-ferragosto\\\/#primaryimage\"},\"thumbnailUrl\":\"https:\\\/\\\/www.donatopaolino.it\\\/wp-content\\\/uploads\\\/2026\\\/08\\\/perchw-si-festeggia-ferragosto.webp\",\"articleSection\":[\"Culture\"],\"inLanguage\":\"en-US\",\"potentialAction\":[{\"@type\":\"CommentAction\",\"name\":\"Comment\",\"target\":[\"https:\\\/\\\/www.donatopaolino.it\\\/en\\\/why-we-celebrate-ferragosto\\\/#respond\"]}]},{\"@type\":\"WebPage\",\"@id\":\"https:\\\/\\\/www.donatopaolino.it\\\/en\\\/why-we-celebrate-ferragosto\\\/\",\"url\":\"https:\\\/\\\/www.donatopaolino.it\\\/en\\\/why-we-celebrate-ferragosto\\\/\",\"name\":\"Why We Celebrate Ferragosto: History and Origins - Donato Paolino Blog\",\"isPartOf\":{\"@id\":\"https:\\\/\\\/www.donatopaolino.it\\\/en\\\/#website\"},\"primaryImageOfPage\":{\"@id\":\"https:\\\/\\\/www.donatopaolino.it\\\/en\\\/why-we-celebrate-ferragosto\\\/#primaryimage\"},\"image\":{\"@id\":\"https:\\\/\\\/www.donatopaolino.it\\\/en\\\/why-we-celebrate-ferragosto\\\/#primaryimage\"},\"thumbnailUrl\":\"https:\\\/\\\/www.donatopaolino.it\\\/wp-content\\\/uploads\\\/2026\\\/08\\\/perchw-si-festeggia-ferragosto.webp\",\"datePublished\":\"2026-08-13T22:03:54+00:00\",\"dateModified\":\"2026-08-13T22:05:28+00:00\",\"description\":\"Discover why Ferragosto is celebrated on August 15, from its ancient Roman origins to the Assumption of Mary and modern Italian traditions.\",\"breadcrumb\":{\"@id\":\"https:\\\/\\\/www.donatopaolino.it\\\/en\\\/why-we-celebrate-ferragosto\\\/#breadcrumb\"},\"inLanguage\":\"en-US\",\"potentialAction\":[{\"@type\":\"ReadAction\",\"target\":[\"https:\\\/\\\/www.donatopaolino.it\\\/en\\\/why-we-celebrate-ferragosto\\\/\"]}]},{\"@type\":\"ImageObject\",\"inLanguage\":\"en-US\",\"@id\":\"https:\\\/\\\/www.donatopaolino.it\\\/en\\\/why-we-celebrate-ferragosto\\\/#primaryimage\",\"url\":\"https:\\\/\\\/www.donatopaolino.it\\\/wp-content\\\/uploads\\\/2026\\\/08\\\/perchw-si-festeggia-ferragosto.webp\",\"contentUrl\":\"https:\\\/\\\/www.donatopaolino.it\\\/wp-content\\\/uploads\\\/2026\\\/08\\\/perchw-si-festeggia-ferragosto.webp\",\"width\":1672,\"height\":941,\"caption\":\"perch\u00e8 si festeggia ferragosto\"},{\"@type\":\"BreadcrumbList\",\"@id\":\"https:\\\/\\\/www.donatopaolino.it\\\/en\\\/why-we-celebrate-ferragosto\\\/#breadcrumb\",\"itemListElement\":[{\"@type\":\"ListItem\",\"position\":1,\"name\":\"Home\",\"item\":\"https:\\\/\\\/www.donatopaolino.it\\\/en\\\/\"},{\"@type\":\"ListItem\",\"position\":2,\"name\":\"Why We Celebrate Ferragosto: History and Origins\"}]},{\"@type\":\"WebSite\",\"@id\":\"https:\\\/\\\/www.donatopaolino.it\\\/en\\\/#website\",\"url\":\"https:\\\/\\\/www.donatopaolino.it\\\/en\\\/\",\"name\":\"Donato Paolino Blog\",\"description\":\"Sopravvivere nell&#039;era digitale\",\"publisher\":{\"@id\":\"https:\\\/\\\/www.donatopaolino.it\\\/en\\\/#\\\/schema\\\/person\\\/56bb73005997bf020fb51a66de0f20f8\"},\"potentialAction\":[{\"@type\":\"SearchAction\",\"target\":{\"@type\":\"EntryPoint\",\"urlTemplate\":\"https:\\\/\\\/www.donatopaolino.it\\\/en\\\/?s={search_term_string}\"},\"query-input\":{\"@type\":\"PropertyValueSpecification\",\"valueRequired\":true,\"valueName\":\"search_term_string\"}}],\"inLanguage\":\"en-US\"},{\"@type\":[\"Person\",\"Organization\"],\"@id\":\"https:\\\/\\\/www.donatopaolino.it\\\/en\\\/#\\\/schema\\\/person\\\/56bb73005997bf020fb51a66de0f20f8\",\"name\":\"Donato Paolino\",\"image\":{\"@type\":\"ImageObject\",\"inLanguage\":\"en-US\",\"@id\":\"https:\\\/\\\/www.donatopaolino.it\\\/wp-content\\\/uploads\\\/2026\\\/02\\\/cropped-DonatoPaolinoITLogo.png\",\"url\":\"https:\\\/\\\/www.donatopaolino.it\\\/wp-content\\\/uploads\\\/2026\\\/02\\\/cropped-DonatoPaolinoITLogo.png\",\"contentUrl\":\"https:\\\/\\\/www.donatopaolino.it\\\/wp-content\\\/uploads\\\/2026\\\/02\\\/cropped-DonatoPaolinoITLogo.png\",\"width\":80,\"height\":59,\"caption\":\"Donato Paolino\"},\"logo\":{\"@id\":\"https:\\\/\\\/www.donatopaolino.it\\\/wp-content\\\/uploads\\\/2026\\\/02\\\/cropped-DonatoPaolinoITLogo.png\"},\"description\":\"Ciao! Sono Donato Paolino. Nel lavoro mi occupo di consulenza strategica digitale e aiuto le aziende a trasformare il marketing online in un sistema di crescita misurabile. Qui per\u00f2 non parlo di lavoro. Questo \u00e8 il mio spazio personale: un luogo dove condivido passioni, idee e curiosit\u00e0 \u2014 cucina, tecnologia, musica, spiritualit\u00e0 e tutto ci\u00f2 che non finisce dentro un report di marketing. Se vuoi sapere cosa faccio professionalmente e come nasce una vera consulenza strategica digitale, puoi scoprirlo su Dopstart.\",\"sameAs\":[\"https:\\\/\\\/www.donatopaolino.it\",\"https:\\\/\\\/www.facebook.com\\\/seodopstart\",\"https:\\\/\\\/x.com\\\/dopstart\"],\"url\":\"https:\\\/\\\/www.donatopaolino.it\\\/en\\\/author\\\/dopstart\\\/\"}]}<\/script>\n<!-- \/ Yoast SEO plugin. -->","yoast_head_json":{"title":"Why We Celebrate Ferragosto: History and Origins - Donato Paolino Blog","description":"Discover why Ferragosto is celebrated on August 15, from its ancient Roman origins to the Assumption of Mary and modern Italian traditions.","robots":{"index":"index","follow":"follow","max-snippet":"max-snippet:-1","max-image-preview":"max-image-preview:large","max-video-preview":"max-video-preview:-1"},"canonical":"https:\/\/www.donatopaolino.it\/en\/why-we-celebrate-ferragosto\/","og_locale":"en_US","og_type":"article","og_title":"Why We Celebrate Ferragosto: History and Origins - Donato Paolino Blog","og_description":"Discover why Ferragosto is celebrated on August 15, from its ancient Roman origins to the Assumption of Mary and modern Italian traditions.","og_url":"https:\/\/www.donatopaolino.it\/en\/why-we-celebrate-ferragosto\/","og_site_name":"Donato Paolino Blog","article_publisher":"https:\/\/www.facebook.com\/seodopstart","article_author":"https:\/\/www.facebook.com\/seodopstart","article_published_time":"2026-08-13T22:03:54+00:00","article_modified_time":"2026-08-13T22:05:28+00:00","og_image":[{"width":1672,"height":941,"url":"https:\/\/www.donatopaolino.it\/wp-content\/uploads\/2026\/08\/perchw-si-festeggia-ferragosto.webp","type":"image\/webp"}],"author":"Donato Paolino","twitter_card":"summary_large_image","twitter_creator":"@dopstart","twitter_site":"@dopstart","twitter_misc":{"Written by":"Donato Paolino","Est. reading time":"5 minutes"},"schema":{"@context":"https:\/\/schema.org","@graph":[{"@type":"Article","@id":"https:\/\/www.donatopaolino.it\/en\/why-we-celebrate-ferragosto\/#article","isPartOf":{"@id":"https:\/\/www.donatopaolino.it\/en\/why-we-celebrate-ferragosto\/"},"author":{"name":"Donato Paolino","@id":"https:\/\/www.donatopaolino.it\/en\/#\/schema\/person\/56bb73005997bf020fb51a66de0f20f8"},"headline":"Why We Celebrate Ferragosto: History and Origins","datePublished":"2026-08-13T22:03:54+00:00","dateModified":"2026-08-13T22:05:28+00:00","mainEntityOfPage":{"@id":"https:\/\/www.donatopaolino.it\/en\/why-we-celebrate-ferragosto\/"},"wordCount":764,"commentCount":0,"publisher":{"@id":"https:\/\/www.donatopaolino.it\/en\/#\/schema\/person\/56bb73005997bf020fb51a66de0f20f8"},"image":{"@id":"https:\/\/www.donatopaolino.it\/en\/why-we-celebrate-ferragosto\/#primaryimage"},"thumbnailUrl":"https:\/\/www.donatopaolino.it\/wp-content\/uploads\/2026\/08\/perchw-si-festeggia-ferragosto.webp","articleSection":["Culture"],"inLanguage":"en-US","potentialAction":[{"@type":"CommentAction","name":"Comment","target":["https:\/\/www.donatopaolino.it\/en\/why-we-celebrate-ferragosto\/#respond"]}]},{"@type":"WebPage","@id":"https:\/\/www.donatopaolino.it\/en\/why-we-celebrate-ferragosto\/","url":"https:\/\/www.donatopaolino.it\/en\/why-we-celebrate-ferragosto\/","name":"Why We Celebrate Ferragosto: History and Origins - Donato Paolino Blog","isPartOf":{"@id":"https:\/\/www.donatopaolino.it\/en\/#website"},"primaryImageOfPage":{"@id":"https:\/\/www.donatopaolino.it\/en\/why-we-celebrate-ferragosto\/#primaryimage"},"image":{"@id":"https:\/\/www.donatopaolino.it\/en\/why-we-celebrate-ferragosto\/#primaryimage"},"thumbnailUrl":"https:\/\/www.donatopaolino.it\/wp-content\/uploads\/2026\/08\/perchw-si-festeggia-ferragosto.webp","datePublished":"2026-08-13T22:03:54+00:00","dateModified":"2026-08-13T22:05:28+00:00","description":"Discover why Ferragosto is celebrated on August 15, from its ancient Roman origins to the Assumption of Mary and modern Italian traditions.","breadcrumb":{"@id":"https:\/\/www.donatopaolino.it\/en\/why-we-celebrate-ferragosto\/#breadcrumb"},"inLanguage":"en-US","potentialAction":[{"@type":"ReadAction","target":["https:\/\/www.donatopaolino.it\/en\/why-we-celebrate-ferragosto\/"]}]},{"@type":"ImageObject","inLanguage":"en-US","@id":"https:\/\/www.donatopaolino.it\/en\/why-we-celebrate-ferragosto\/#primaryimage","url":"https:\/\/www.donatopaolino.it\/wp-content\/uploads\/2026\/08\/perchw-si-festeggia-ferragosto.webp","contentUrl":"https:\/\/www.donatopaolino.it\/wp-content\/uploads\/2026\/08\/perchw-si-festeggia-ferragosto.webp","width":1672,"height":941,"caption":"perch\u00e8 si festeggia ferragosto"},{"@type":"BreadcrumbList","@id":"https:\/\/www.donatopaolino.it\/en\/why-we-celebrate-ferragosto\/#breadcrumb","itemListElement":[{"@type":"ListItem","position":1,"name":"Home","item":"https:\/\/www.donatopaolino.it\/en\/"},{"@type":"ListItem","position":2,"name":"Why We Celebrate Ferragosto: History and Origins"}]},{"@type":"WebSite","@id":"https:\/\/www.donatopaolino.it\/en\/#website","url":"https:\/\/www.donatopaolino.it\/en\/","name":"Donato Paolino Blog","description":"Sopravvivere nell&#039;era digitale","publisher":{"@id":"https:\/\/www.donatopaolino.it\/en\/#\/schema\/person\/56bb73005997bf020fb51a66de0f20f8"},"potentialAction":[{"@type":"SearchAction","target":{"@type":"EntryPoint","urlTemplate":"https:\/\/www.donatopaolino.it\/en\/?s={search_term_string}"},"query-input":{"@type":"PropertyValueSpecification","valueRequired":true,"valueName":"search_term_string"}}],"inLanguage":"en-US"},{"@type":["Person","Organization"],"@id":"https:\/\/www.donatopaolino.it\/en\/#\/schema\/person\/56bb73005997bf020fb51a66de0f20f8","name":"Donato Paolino","image":{"@type":"ImageObject","inLanguage":"en-US","@id":"https:\/\/www.donatopaolino.it\/wp-content\/uploads\/2026\/02\/cropped-DonatoPaolinoITLogo.png","url":"https:\/\/www.donatopaolino.it\/wp-content\/uploads\/2026\/02\/cropped-DonatoPaolinoITLogo.png","contentUrl":"https:\/\/www.donatopaolino.it\/wp-content\/uploads\/2026\/02\/cropped-DonatoPaolinoITLogo.png","width":80,"height":59,"caption":"Donato Paolino"},"logo":{"@id":"https:\/\/www.donatopaolino.it\/wp-content\/uploads\/2026\/02\/cropped-DonatoPaolinoITLogo.png"},"description":"Ciao! Sono Donato Paolino. Nel lavoro mi occupo di consulenza strategica digitale e aiuto le aziende a trasformare il marketing online in un sistema di crescita misurabile. Qui per\u00f2 non parlo di lavoro. Questo \u00e8 il mio spazio personale: un luogo dove condivido passioni, idee e curiosit\u00e0 \u2014 cucina, tecnologia, musica, spiritualit\u00e0 e tutto ci\u00f2 che non finisce dentro un report di marketing. Se vuoi sapere cosa faccio professionalmente e come nasce una vera consulenza strategica digitale, puoi scoprirlo su Dopstart.","sameAs":["https:\/\/www.donatopaolino.it","https:\/\/www.facebook.com\/seodopstart","https:\/\/x.com\/dopstart"],"url":"https:\/\/www.donatopaolino.it\/en\/author\/dopstart\/"}]}},"_links":{"self":[{"href":"https:\/\/www.donatopaolino.it\/en\/wp-json\/wp\/v2\/posts\/138086","targetHints":{"allow":["GET"]}}],"collection":[{"href":"https:\/\/www.donatopaolino.it\/en\/wp-json\/wp\/v2\/posts"}],"about":[{"href":"https:\/\/www.donatopaolino.it\/en\/wp-json\/wp\/v2\/types\/post"}],"author":[{"embeddable":true,"href":"https:\/\/www.donatopaolino.it\/en\/wp-json\/wp\/v2\/users\/1"}],"replies":[{"embeddable":true,"href":"https:\/\/www.donatopaolino.it\/en\/wp-json\/wp\/v2\/comments?post=138086"}],"version-history":[{"count":1,"href":"https:\/\/www.donatopaolino.it\/en\/wp-json\/wp\/v2\/posts\/138086\/revisions"}],"predecessor-version":[{"id":138087,"href":"https:\/\/www.donatopaolino.it\/en\/wp-json\/wp\/v2\/posts\/138086\/revisions\/138087"}],"wp:featuredmedia":[{"embeddable":true,"href":"https:\/\/www.donatopaolino.it\/en\/wp-json\/wp\/v2\/media\/138085"}],"wp:attachment":[{"href":"https:\/\/www.donatopaolino.it\/en\/wp-json\/wp\/v2\/media?parent=138086"}],"wp:term":[{"taxonomy":"category","embeddable":true,"href":"https:\/\/www.donatopaolino.it\/en\/wp-json\/wp\/v2\/categories?post=138086"},{"taxonomy":"post_tag","embeddable":true,"href":"https:\/\/www.donatopaolino.it\/en\/wp-json\/wp\/v2\/tags?post=138086"}],"curies":[{"name":"wp","href":"https:\/\/api.w.org\/{rel}","templated":true}]}}